{"id":1837,"date":"2019-08-07T13:55:59","date_gmt":"2019-08-07T13:55:59","guid":{"rendered":"http:\/\/www.portedegeneve.com\/week-end\/"},"modified":"2020-05-03T13:34:22","modified_gmt":"2020-05-03T13:34:22","slug":"week-end","status":"publish","type":"post","link":"https:\/\/www.portedegeneve.com\/en\/week-end\/","title":{"rendered":"week-end"},"content":{"rendered":"<p>Lorem ipsum dolor sit amet, consectetur adipiscing elit, sed do eiusmod tempor incididunt ut labore et dolore magna aliqua. Ut enim ad minim veniam, quis nostrud exercitation ullamco laboris nisi ut aliquip ex ea commodo consequat. Duis aute irure dolor in reprehenderit in voluptate velit esse cillum dolore eu fugiat nulla pariatur. Excepteur sint occaecat cupidatat non proident, sunt in culpa qui officia deserunt mollit anim id est laborum.<\/p>\n","protected":false},"excerpt":{"rendered":"<p>Lorem ipsum dolor sit amet, consectetur adipiscing elit, sed do eiusmod tempor incididunt ut labore et dolore magna aliqua. Ut enim ad minim veniam, quis nostrud exercitation ullamco laboris nisi ut aliquip ex ea commodo consequat. Duis aute irure dolor in reprehenderit in voluptate velit esse cillum dolore eu fugiat nulla pariatur. Excepteur sint occaecat [&hellip;]<\/p>\n","protected":false},"author":2,"featured_media":1424,"comment_status":"closed","ping_status":"closed","sticky":false,"template":"","format":"standard","meta":{"_acf_changed":false,"footnotes":""},"categories":[41],"tags":[],"class_list":["post-1837","post","type-post","status-publish","format-standard","has-post-thumbnail","hentry","category-offers"],"acf":[],"yoast_head":"<title>week-end - H\u00f4tel Porte de Gen\u00e8ve<\/title>\n<meta name=\"robots\" content=\"index, follow, max-snippet:-1, max-image-preview:large, max-video-preview:-1\" \/>\n<link rel=\"canonical\" href=\"https:\/\/www.portedegeneve.com\/en\/week-end\/\" \/>\n<meta property=\"og:locale\" content=\"en_US\" \/>\n<meta property=\"og:type\" content=\"article\" \/>\n<meta property=\"og:title\" content=\"week-end - H\u00f4tel Porte de Gen\u00e8ve\" \/>\n<meta property=\"og:description\" content=\"Lorem ipsum dolor sit amet, consectetur adipiscing elit, sed do eiusmod tempor incididunt ut labore et dolore magna aliqua. Ut enim ad minim veniam, quis nostrud exercitation ullamco laboris nisi ut aliquip ex ea commodo consequat. Duis aute irure dolor in reprehenderit in voluptate velit esse cillum dolore eu fugiat nulla pariatur. Excepteur sint occaecat [&hellip;]\" \/>\n<meta property=\"og:url\" content=\"https:\/\/www.portedegeneve.com\/en\/week-end\/\" \/>\n<meta property=\"og:site_name\" content=\"H\u00f4tel Porte de Gen\u00e8ve\" \/>\n<meta property=\"article:published_time\" content=\"2019-08-07T13:55:59+00:00\" \/>\n<meta property=\"article:modified_time\" content=\"2020-05-03T13:34:22+00:00\" \/>\n<meta property=\"og:image\" content=\"https:\/\/www.portedegeneve.com\/wp-content\/uploads\/2019\/07\/portes_de_geneve_gaillard_region_1min.jpg\" \/>\n\t<meta property=\"og:image:width\" content=\"1700\" \/>\n\t<meta property=\"og:image:height\" content=\"1133\" \/>\n\t<meta property=\"og:image:type\" content=\"image\/jpeg\" \/>\n<meta name=\"author\" content=\"MZ\" \/>\n<meta name=\"twitter:card\" content=\"summary_large_image\" \/>\n<meta name=\"twitter:label1\" content=\"Written by\" \/>\n\t<meta name=\"twitter:data1\" content=\"MZ\" \/>\n<script type=\"application\/ld+json\" class=\"yoast-schema-graph\">{\"@context\":\"https:\/\/schema.org\",\"@graph\":[{\"@type\":\"Article\",\"@id\":\"https:\/\/www.portedegeneve.com\/en\/week-end\/#article\",\"isPartOf\":{\"@id\":\"https:\/\/www.portedegeneve.com\/en\/week-end\/\"},\"author\":{\"name\":\"MZ\",\"@id\":\"https:\/\/www.portedegeneve.com\/en\/#\/schema\/person\/4d4974c459e53f62e808b62b4fe43797\"},\"headline\":\"week-end\",\"datePublished\":\"2019-08-07T13:55:59+00:00\",\"dateModified\":\"2020-05-03T13:34:22+00:00\",\"mainEntityOfPage\":{\"@id\":\"https:\/\/www.portedegeneve.com\/en\/week-end\/\"},\"wordCount\":70,\"publisher\":{\"@id\":\"https:\/\/www.portedegeneve.com\/en\/#organization\"},\"image\":{\"@id\":\"https:\/\/www.portedegeneve.com\/en\/week-end\/#primaryimage\"},\"thumbnailUrl\":\"https:\/\/www.portedegeneve.com\/wp-content\/uploads\/2019\/07\/portes_de_geneve_gaillard_region_1min.jpg\",\"articleSection\":[\"Offers\"],\"inLanguage\":\"en-US\"},{\"@type\":\"WebPage\",\"@id\":\"https:\/\/www.portedegeneve.com\/en\/week-end\/\",\"url\":\"https:\/\/www.portedegeneve.com\/en\/week-end\/\",\"name\":\"week-end - H\u00f4tel Porte de Gen\u00e8ve\",\"isPartOf\":{\"@id\":\"https:\/\/www.portedegeneve.com\/en\/#website\"},\"primaryImageOfPage\":{\"@id\":\"https:\/\/www.portedegeneve.com\/en\/week-end\/#primaryimage\"},\"image\":{\"@id\":\"https:\/\/www.portedegeneve.com\/en\/week-end\/#primaryimage\"},\"thumbnailUrl\":\"https:\/\/www.portedegeneve.com\/wp-content\/uploads\/2019\/07\/portes_de_geneve_gaillard_region_1min.jpg\",\"datePublished\":\"2019-08-07T13:55:59+00:00\",\"dateModified\":\"2020-05-03T13:34:22+00:00\",\"breadcrumb\":{\"@id\":\"https:\/\/www.portedegeneve.com\/en\/week-end\/#breadcrumb\"},\"inLanguage\":\"en-US\",\"potentialAction\":[{\"@type\":\"ReadAction\",\"target\":[\"https:\/\/www.portedegeneve.com\/en\/week-end\/\"]}]},{\"@type\":\"ImageObject\",\"inLanguage\":\"en-US\",\"@id\":\"https:\/\/www.portedegeneve.com\/en\/week-end\/#primaryimage\",\"url\":\"https:\/\/www.portedegeneve.com\/wp-content\/uploads\/2019\/07\/portes_de_geneve_gaillard_region_1min.jpg\",\"contentUrl\":\"https:\/\/www.portedegeneve.com\/wp-content\/uploads\/2019\/07\/portes_de_geneve_gaillard_region_1min.jpg\",\"width\":1700,\"height\":1133},{\"@type\":\"BreadcrumbList\",\"@id\":\"https:\/\/www.portedegeneve.com\/en\/week-end\/#breadcrumb\",\"itemListElement\":[{\"@type\":\"ListItem\",\"position\":1,\"name\":\"Accueil\",\"item\":\"https:\/\/www.portedegeneve.com\/en\/\"},{\"@type\":\"ListItem\",\"position\":2,\"name\":\"week-end\"}]},{\"@type\":\"WebSite\",\"@id\":\"https:\/\/www.portedegeneve.com\/en\/#website\",\"url\":\"https:\/\/www.portedegeneve.com\/en\/\",\"name\":\"H\u00f4tel Porte de Gen\u00e8ve\",\"description\":\"H\u00f4tel Porte de Gen\u00e8ve\",\"publisher\":{\"@id\":\"https:\/\/www.portedegeneve.com\/en\/#organization\"},\"potentialAction\":[{\"@type\":\"SearchAction\",\"target\":{\"@type\":\"EntryPoint\",\"urlTemplate\":\"https:\/\/www.portedegeneve.com\/en\/?s={search_term_string}\"},\"query-input\":{\"@type\":\"PropertyValueSpecification\",\"valueRequired\":true,\"valueName\":\"search_term_string\"}}],\"inLanguage\":\"en-US\"},{\"@type\":\"Organization\",\"@id\":\"https:\/\/www.portedegeneve.com\/en\/#organization\",\"name\":\"Hotel Porte de Gen\u00e8ve\",\"url\":\"https:\/\/www.portedegeneve.com\/en\/\",\"logo\":{\"@type\":\"ImageObject\",\"inLanguage\":\"en-US\",\"@id\":\"https:\/\/www.portedegeneve.com\/en\/#\/schema\/logo\/image\/\",\"url\":\"https:\/\/www.portedegeneve.com\/wp-content\/uploads\/2019\/06\/portes_de_geneve_logo_min.png\",\"contentUrl\":\"https:\/\/www.portedegeneve.com\/wp-content\/uploads\/2019\/06\/portes_de_geneve_logo_min.png\",\"width\":224,\"height\":67,\"caption\":\"Hotel Porte de Gen\u00e8ve\"},\"image\":{\"@id\":\"https:\/\/www.portedegeneve.com\/en\/#\/schema\/logo\/image\/\"}},{\"@type\":\"Person\",\"@id\":\"https:\/\/www.portedegeneve.com\/en\/#\/schema\/person\/4d4974c459e53f62e808b62b4fe43797\",\"name\":\"MZ\",\"image\":{\"@type\":\"ImageObject\",\"inLanguage\":\"en-US\",\"@id\":\"https:\/\/www.portedegeneve.com\/en\/#\/schema\/person\/image\/\",\"url\":\"https:\/\/secure.gravatar.com\/avatar\/8d10fc0dd6599f8607071fa230c107644aa604ca32889dea2cc0760a001c30d8?s=96&d=mm&r=g\",\"contentUrl\":\"https:\/\/secure.gravatar.com\/avatar\/8d10fc0dd6599f8607071fa230c107644aa604ca32889dea2cc0760a001c30d8?s=96&d=mm&r=g\",\"caption\":\"MZ\"}}]}<\/script>","yoast_head_json":{"title":"week-end - H\u00f4tel Porte de Gen\u00e8ve","robots":{"index":"index","follow":"follow","max-snippet":"max-snippet:-1","max-image-preview":"max-image-preview:large","max-video-preview":"max-video-preview:-1"},"canonical":"https:\/\/www.portedegeneve.com\/en\/week-end\/","og_locale":"en_US","og_type":"article","og_title":"week-end - H\u00f4tel Porte de Gen\u00e8ve","og_description":"Lorem ipsum dolor sit amet, consectetur adipiscing elit, sed do eiusmod tempor incididunt ut labore et dolore magna aliqua. Ut enim ad minim veniam, quis nostrud exercitation ullamco laboris nisi ut aliquip ex ea commodo consequat. Duis aute irure dolor in reprehenderit in voluptate velit esse cillum dolore eu fugiat nulla pariatur. Excepteur sint occaecat [&hellip;]","og_url":"https:\/\/www.portedegeneve.com\/en\/week-end\/","og_site_name":"H\u00f4tel Porte de Gen\u00e8ve","article_published_time":"2019-08-07T13:55:59+00:00","article_modified_time":"2020-05-03T13:34:22+00:00","og_image":[{"width":1700,"height":1133,"url":"https:\/\/www.portedegeneve.com\/wp-content\/uploads\/2019\/07\/portes_de_geneve_gaillard_region_1min.jpg","type":"image\/jpeg"}],"author":"MZ","twitter_card":"summary_large_image","twitter_misc":{"Written by":"MZ"},"schema":{"@context":"https:\/\/schema.org","@graph":[{"@type":"Article","@id":"https:\/\/www.portedegeneve.com\/en\/week-end\/#article","isPartOf":{"@id":"https:\/\/www.portedegeneve.com\/en\/week-end\/"},"author":{"name":"MZ","@id":"https:\/\/www.portedegeneve.com\/en\/#\/schema\/person\/4d4974c459e53f62e808b62b4fe43797"},"headline":"week-end","datePublished":"2019-08-07T13:55:59+00:00","dateModified":"2020-05-03T13:34:22+00:00","mainEntityOfPage":{"@id":"https:\/\/www.portedegeneve.com\/en\/week-end\/"},"wordCount":70,"publisher":{"@id":"https:\/\/www.portedegeneve.com\/en\/#organization"},"image":{"@id":"https:\/\/www.portedegeneve.com\/en\/week-end\/#primaryimage"},"thumbnailUrl":"https:\/\/www.portedegeneve.com\/wp-content\/uploads\/2019\/07\/portes_de_geneve_gaillard_region_1min.jpg","articleSection":["Offers"],"inLanguage":"en-US"},{"@type":"WebPage","@id":"https:\/\/www.portedegeneve.com\/en\/week-end\/","url":"https:\/\/www.portedegeneve.com\/en\/week-end\/","name":"week-end - H\u00f4tel Porte de Gen\u00e8ve","isPartOf":{"@id":"https:\/\/www.portedegeneve.com\/en\/#website"},"primaryImageOfPage":{"@id":"https:\/\/www.portedegeneve.com\/en\/week-end\/#primaryimage"},"image":{"@id":"https:\/\/www.portedegeneve.com\/en\/week-end\/#primaryimage"},"thumbnailUrl":"https:\/\/www.portedegeneve.com\/wp-content\/uploads\/2019\/07\/portes_de_geneve_gaillard_region_1min.jpg","datePublished":"2019-08-07T13:55:59+00:00","dateModified":"2020-05-03T13:34:22+00:00","breadcrumb":{"@id":"https:\/\/www.portedegeneve.com\/en\/week-end\/#breadcrumb"},"inLanguage":"en-US","potentialAction":[{"@type":"ReadAction","target":["https:\/\/www.portedegeneve.com\/en\/week-end\/"]}]},{"@type":"ImageObject","inLanguage":"en-US","@id":"https:\/\/www.portedegeneve.com\/en\/week-end\/#primaryimage","url":"https:\/\/www.portedegeneve.com\/wp-content\/uploads\/2019\/07\/portes_de_geneve_gaillard_region_1min.jpg","contentUrl":"https:\/\/www.portedegeneve.com\/wp-content\/uploads\/2019\/07\/portes_de_geneve_gaillard_region_1min.jpg","width":1700,"height":1133},{"@type":"BreadcrumbList","@id":"https:\/\/www.portedegeneve.com\/en\/week-end\/#breadcrumb","itemListElement":[{"@type":"ListItem","position":1,"name":"Accueil","item":"https:\/\/www.portedegeneve.com\/en\/"},{"@type":"ListItem","position":2,"name":"week-end"}]},{"@type":"WebSite","@id":"https:\/\/www.portedegeneve.com\/en\/#website","url":"https:\/\/www.portedegeneve.com\/en\/","name":"H\u00f4tel Porte de Gen\u00e8ve","description":"H\u00f4tel Porte de Gen\u00e8ve","publisher":{"@id":"https:\/\/www.portedegeneve.com\/en\/#organization"},"potentialAction":[{"@type":"SearchAction","target":{"@type":"EntryPoint","urlTemplate":"https:\/\/www.portedegeneve.com\/en\/?s={search_term_string}"},"query-input":{"@type":"PropertyValueSpecification","valueRequired":true,"valueName":"search_term_string"}}],"inLanguage":"en-US"},{"@type":"Organization","@id":"https:\/\/www.portedegeneve.com\/en\/#organization","name":"Hotel Porte de Gen\u00e8ve","url":"https:\/\/www.portedegeneve.com\/en\/","logo":{"@type":"ImageObject","inLanguage":"en-US","@id":"https:\/\/www.portedegeneve.com\/en\/#\/schema\/logo\/image\/","url":"https:\/\/www.portedegeneve.com\/wp-content\/uploads\/2019\/06\/portes_de_geneve_logo_min.png","contentUrl":"https:\/\/www.portedegeneve.com\/wp-content\/uploads\/2019\/06\/portes_de_geneve_logo_min.png","width":224,"height":67,"caption":"Hotel Porte de Gen\u00e8ve"},"image":{"@id":"https:\/\/www.portedegeneve.com\/en\/#\/schema\/logo\/image\/"}},{"@type":"Person","@id":"https:\/\/www.portedegeneve.com\/en\/#\/schema\/person\/4d4974c459e53f62e808b62b4fe43797","name":"MZ","image":{"@type":"ImageObject","inLanguage":"en-US","@id":"https:\/\/www.portedegeneve.com\/en\/#\/schema\/person\/image\/","url":"https:\/\/secure.gravatar.com\/avatar\/8d10fc0dd6599f8607071fa230c107644aa604ca32889dea2cc0760a001c30d8?s=96&d=mm&r=g","contentUrl":"https:\/\/secure.gravatar.com\/avatar\/8d10fc0dd6599f8607071fa230c107644aa604ca32889dea2cc0760a001c30d8?s=96&d=mm&r=g","caption":"MZ"}}]}},"_links":{"self":[{"href":"https:\/\/www.portedegeneve.com\/en\/wp-json\/wp\/v2\/posts\/1837","targetHints":{"allow":["GET"]}}],"collection":[{"href":"https:\/\/www.portedegeneve.com\/en\/wp-json\/wp\/v2\/posts"}],"about":[{"href":"https:\/\/www.portedegeneve.com\/en\/wp-json\/wp\/v2\/types\/post"}],"author":[{"embeddable":true,"href":"https:\/\/www.portedegeneve.com\/en\/wp-json\/wp\/v2\/users\/2"}],"replies":[{"embeddable":true,"href":"https:\/\/www.portedegeneve.com\/en\/wp-json\/wp\/v2\/comments?post=1837"}],"version-history":[{"count":1,"href":"https:\/\/www.portedegeneve.com\/en\/wp-json\/wp\/v2\/posts\/1837\/revisions"}],"predecessor-version":[{"id":2134,"href":"https:\/\/www.portedegeneve.com\/en\/wp-json\/wp\/v2\/posts\/1837\/revisions\/2134"}],"wp:featuredmedia":[{"embeddable":true,"href":"https:\/\/www.portedegeneve.com\/en\/wp-json\/wp\/v2\/media\/1424"}],"wp:attachment":[{"href":"https:\/\/www.portedegeneve.com\/en\/wp-json\/wp\/v2\/media?parent=1837"}],"wp:term":[{"taxonomy":"category","embeddable":true,"href":"https:\/\/www.portedegeneve.com\/en\/wp-json\/wp\/v2\/categories?post=1837"},{"taxonomy":"post_tag","embeddable":true,"href":"https:\/\/www.portedegeneve.com\/en\/wp-json\/wp\/v2\/tags?post=1837"}],"curies":[{"name":"wp","href":"https:\/\/api.w.org\/{rel}","templated":true}]}}